{"id":5230,"date":"2024-02-13T21:16:44","date_gmt":"2024-02-13T20:16:44","guid":{"rendered":"https:\/\/www.heimatfreundeweibern.de\/wordpress\/?p=5230"},"modified":"2024-02-13T21:19:54","modified_gmt":"2024-02-13T20:19:54","slug":"jedicht-von-gisela-ebert","status":"publish","type":"post","link":"https:\/\/www.heimatfreundeweibern.de\/wordpress\/2024\/02\/13\/jedicht-von-gisela-ebert\/","title":{"rendered":"Jedicht von Gisela Ebert"},"content":{"rendered":"\n<h2 class=\"wp-block-heading has-medium-font-size\"><strong>Jeschrei on de Loft<\/strong><\/h2>\n\n\n\n<p class=\"has-medium-font-size wp-block-paragraph\" style=\"font-style:normal;font-weight:100;text-transform:none\">Bat oss datt f\u00fcr eh Jeschrei do on de Loft?<\/p>\n\n\n\n<p class=\"has-medium-font-size wp-block-paragraph\" style=\"font-style:normal;font-weight:100;text-transform:none\">Datt sein de Hoole J\u00e4ns ob \u00e4nem Kloft.<\/p>\n\n\n\n<p class=\"has-medium-font-size wp-block-paragraph\" style=\"font-style:normal;font-weight:100;text-transform:none\">Bos die sech h\u00e4hn sortiert,<\/p>\n\n\n\n<p class=\"has-medium-font-size wp-block-paragraph\" style=\"font-style:normal;font-weight:100;text-transform:none\">on de Richtung \u00e4nvisiert,<\/p>\n\n\n\n<p class=\"has-medium-font-size wp-block-paragraph\" style=\"font-style:normal;font-weight:100;text-transform:none\">oss dat Jeschr\u00f6ttels wirklich gruu\u00df.<\/p>\n\n\n\n<p class=\"has-medium-font-size wp-block-paragraph\" style=\"font-style:normal;font-weight:100;text-transform:none\">Doch ett klappt dann doch zom Schlu\u00df.<\/p>\n\n\n\n<p class=\"has-medium-font-size wp-block-paragraph\" style=\"font-style:normal;font-weight:100;text-transform:none\">Als Formation se dann weide flejen,<\/p>\n\n\n\n<p class=\"has-medium-font-size wp-block-paragraph\" style=\"font-style:normal;font-weight:100;text-transform:none\">w\u00e4hrend sech ob de \u00c4d de Schniegl\u00f6ckche rejen.<\/p>\n\n\n\n<p class=\"has-medium-font-size wp-block-paragraph\" style=\"font-style:normal;font-weight:100;text-transform:none\">Fr\u00f6hjahr oss ze sehn on ze h\u00fcere,<\/p>\n\n\n\n<p class=\"has-medium-font-size wp-block-paragraph\" style=\"font-style:normal;font-weight:100;text-transform:none\">on och on de Loft ze sp\u00fcere.<\/p>\n\n\n\n<p class=\"has-medium-font-size wp-block-paragraph\" style=\"font-style:normal;font-weight:100;text-transform:none\">Wenn datt Gras on de Bl\u00f6mche spriese,<\/p>\n\n\n\n<p class=\"has-medium-font-size wp-block-paragraph\" style=\"font-style:normal;font-weight:100;text-transform:none\">kann och de R\u00e4hn oos de Laun net vemiese.<\/p>\n\n\n\n<p class=\"has-medium-font-size wp-block-paragraph\" style=\"font-style:normal;font-weight:100;text-transform:none\">\u00a9 G. Ebert<\/p>\n","protected":false},"excerpt":{"rendered":"<p>Jeschrei on de Loft Bat oss datt f\u00fcr eh Jeschrei do on de Loft? Datt sein de Hoole J\u00e4ns ob \u00e4nem Kloft. Bos die sech h\u00e4hn sortiert, on de Richtung \u00e4nvisiert, oss dat Jeschr\u00f6ttels wirklich gruu\u00df. Doch ett klappt dann doch zom Schlu\u00df. Als Formation se dann weide flejen, w\u00e4hrend sech ob de \u00c4d de Schniegl\u00f6ckche rejen. Fr\u00f6hjahr oss ze<\/p>\n","protected":false},"author":2,"featured_media":0,"comment_status":"open","ping_status":"open","sticky":false,"template":"","format":"standard","meta":{"_crdt_document":"","ngg_post_thumbnail":0,"pgc_sgb_lightbox_settings":"","footnotes":""},"categories":[1],"tags":[],"class_list":["post-5230","post","type-post","status-publish","format-standard","hentry","category-allgemein"],"publishpress_future_action":{"enabled":false,"date":"2026-05-09 05:22:59","action":"change-status","newStatus":"draft","terms":[],"taxonomy":"category","extraData":[]},"publishpress_future_workflow_manual_trigger":{"enabledWorkflows":[]},"_links":{"self":[{"href":"https:\/\/www.heimatfreundeweibern.de\/wordpress\/wp-json\/wp\/v2\/posts\/5230","targetHints":{"allow":["GET"]}}],"collection":[{"href":"https:\/\/www.heimatfreundeweibern.de\/wordpress\/wp-json\/wp\/v2\/posts"}],"about":[{"href":"https:\/\/www.heimatfreundeweibern.de\/wordpress\/wp-json\/wp\/v2\/types\/post"}],"author":[{"embeddable":true,"href":"https:\/\/www.heimatfreundeweibern.de\/wordpress\/wp-json\/wp\/v2\/users\/2"}],"replies":[{"embeddable":true,"href":"https:\/\/www.heimatfreundeweibern.de\/wordpress\/wp-json\/wp\/v2\/comments?post=5230"}],"version-history":[{"count":2,"href":"https:\/\/www.heimatfreundeweibern.de\/wordpress\/wp-json\/wp\/v2\/posts\/5230\/revisions"}],"predecessor-version":[{"id":5233,"href":"https:\/\/www.heimatfreundeweibern.de\/wordpress\/wp-json\/wp\/v2\/posts\/5230\/revisions\/5233"}],"wp:attachment":[{"href":"https:\/\/www.heimatfreundeweibern.de\/wordpress\/wp-json\/wp\/v2\/media?parent=5230"}],"wp:term":[{"taxonomy":"category","embeddable":true,"href":"https:\/\/www.heimatfreundeweibern.de\/wordpress\/wp-json\/wp\/v2\/categories?post=5230"},{"taxonomy":"post_tag","embeddable":true,"href":"https:\/\/www.heimatfreundeweibern.de\/wordpress\/wp-json\/wp\/v2\/tags?post=5230"}],"curies":[{"name":"wp","href":"https:\/\/api.w.org\/{rel}","templated":true}]}}